{"id":457,"date":"2022-08-02T15:10:00","date_gmt":"2022-08-02T15:10:00","guid":{"rendered":"http:\/\/www.amaavida.org\/index.php\/2023\/07\/31\/blog-3\/"},"modified":"2023-07-31T16:08:05","modified_gmt":"2023-07-31T16:08:05","slug":"blog-3","status":"publish","type":"post","link":"http:\/\/www.amaavida.org\/index.php\/2022\/08\/02\/blog-3\/","title":{"rendered":"\ud835\udc0c\ud835\udc22\ud835\udc2c\ud835\udc2c\u00e3\ud835\udc28 \ud835\udc1e\ud835\udc26 \ud835\udc06\ud835\udc2e\ud835\udc1a\ud835\udc2b\ud835\udc1a\ud835\udc27\ud835\udc22 &#8211; \ud835\udc00\ud835\udc26\ud835\udc1a \ud835\udc1a \ud835\udc15\ud835\udc22\ud835\udc1d\ud835\udc1a \ud835\udc1e \ud835\udc0b\ud835\udc1e\ud835\udc28\ud835\udc2c \ud835\udc1d\ud835\udc1e \ud835\udc0f\ud835\udc28\ud835\udc2b\ud835\udc2d\ud835\udc2e\ud835\udc20\ud835\udc1a\ud835\udc25"},"content":{"rendered":"<div class=\"x11i5rnm xat24cr x1mh8g0r x1vvkbs xtlvy1s x126k92a\">\n<div dir=\"auto\">Amanh\u00e3 dia 23 de Julho, a nossa Associa\u00e7\u00e3o e os Leos Portugal, partem para mais uma Miss\u00e3o Humanitaria.<\/div>\n<div dir=\"auto\">O povo Guarani tem sofrido muito ao longo dos anos, massacres, destrui\u00e7\u00e3o de aldeias, fome e discrimina\u00e7\u00e3o e isto tudo porque todos reclamam como sua uma terra de ninguem.<\/div>\n<div dir=\"auto\">A miss\u00e3o tem como principal objetivo dar apoio \u00e0 tribo de Guarani nas \u00e1reas de sa\u00fade, educa\u00e7\u00e3o e sustentabilidade social.<\/div>\n<\/div>\n<div class=\"x11i5rnm xat24cr x1mh8g0r x1vvkbs xtlvy1s x126k92a\">\n<div dir=\"auto\">Toda a ajuda \u00e9 pouca para este povo , contamos contigo para continuarmos a ajudar.<\/div>\n<\/div>\n<div dir=\"auto\">&nbsp;<\/div>\n<div dir=\"auto\">&nbsp;<\/div>\n\n<div class=\"wp-block-image\">\n<figure class=\"aligncenter size-large is-resized\"><img loading=\"lazy\" decoding=\"async\" src=\"http:\/\/www.amaavida.org\/wp-content\/uploads\/2023\/07\/295302823_5147999045326274_2487764422664007242_n-577x1024.jpg\" alt=\"\" class=\"wp-image-642\" width=\"433\" height=\"768\" srcset=\"http:\/\/www.amaavida.org\/wp-content\/uploads\/2023\/07\/295302823_5147999045326274_2487764422664007242_n-577x1024.jpg 577w, http:\/\/www.amaavida.org\/wp-content\/uploads\/2023\/07\/295302823_5147999045326274_2487764422664007242_n-169x300.jpg 169w, http:\/\/www.amaavida.org\/wp-content\/uploads\/2023\/07\/295302823_5147999045326274_2487764422664007242_n-768x1364.jpg 768w, http:\/\/www.amaavida.org\/wp-content\/uploads\/2023\/07\/295302823_5147999045326274_2487764422664007242_n-865x1536.jpg 865w, http:\/\/www.amaavida.org\/wp-content\/uploads\/2023\/07\/295302823_5147999045326274_2487764422664007242_n.jpg 1153w\" sizes=\"auto, (max-width: 433px) 100vw, 433px\" \/><\/figure>\n<\/div>","protected":false},"excerpt":{"rendered":"<p>Amanh\u00e3 dia 23 de Julho, a nossa Associa\u00e7\u00e3o e os Leos Portugal, partem para mais uma Miss\u00e3o Humanitaria. O povo Guarani tem sofrido muito ao longo dos anos, massacres, destrui\u00e7\u00e3o de aldeias, fome e discrimina\u00e7\u00e3o e isto tudo porque todos reclamam como sua uma terra de ninguem. A miss\u00e3o tem como principal objetivo dar apoio [&hellip;]<\/p>\n","protected":false},"author":1,"featured_media":642,"comment_status":"open","ping_status":"open","sticky":false,"template":"","format":"standard","meta":{"ngg_post_thumbnail":0,"footnotes":""},"categories":[1],"tags":[],"class_list":["post-457","post","type-post","status-publish","format-standard","has-post-thumbnail","hentry","category-uncategorized"],"_links":{"self":[{"href":"http:\/\/www.amaavida.org\/index.php\/wp-json\/wp\/v2\/posts\/457","targetHints":{"allow":["GET"]}}],"collection":[{"href":"http:\/\/www.amaavida.org\/index.php\/wp-json\/wp\/v2\/posts"}],"about":[{"href":"http:\/\/www.amaavida.org\/index.php\/wp-json\/wp\/v2\/types\/post"}],"author":[{"embeddable":true,"href":"http:\/\/www.amaavida.org\/index.php\/wp-json\/wp\/v2\/users\/1"}],"replies":[{"embeddable":true,"href":"http:\/\/www.amaavida.org\/index.php\/wp-json\/wp\/v2\/comments?post=457"}],"version-history":[{"count":3,"href":"http:\/\/www.amaavida.org\/index.php\/wp-json\/wp\/v2\/posts\/457\/revisions"}],"predecessor-version":[{"id":643,"href":"http:\/\/www.amaavida.org\/index.php\/wp-json\/wp\/v2\/posts\/457\/revisions\/643"}],"wp:featuredmedia":[{"embeddable":true,"href":"http:\/\/www.amaavida.org\/index.php\/wp-json\/wp\/v2\/media\/642"}],"wp:attachment":[{"href":"http:\/\/www.amaavida.org\/index.php\/wp-json\/wp\/v2\/media?parent=457"}],"wp:term":[{"taxonomy":"category","embeddable":true,"href":"http:\/\/www.amaavida.org\/index.php\/wp-json\/wp\/v2\/categories?post=457"},{"taxonomy":"post_tag","embeddable":true,"href":"http:\/\/www.amaavida.org\/index.php\/wp-json\/wp\/v2\/tags?post=457"}],"curies":[{"name":"wp","href":"https:\/\/api.w.org\/{rel}","templated":true}]}}