{"id":657,"date":"2022-08-12T16:19:00","date_gmt":"2022-08-12T16:19:00","guid":{"rendered":"http:\/\/www.amaavida.org\/?p=657"},"modified":"2023-07-31T16:51:29","modified_gmt":"2023-07-31T16:51:29","slug":"missao-guarani-a-despedia","status":"publish","type":"post","link":"http:\/\/www.amaavida.org\/index.php\/2022\/08\/12\/missao-guarani-a-despedia\/","title":{"rendered":"Miss\u00e3o Guarani &#8211; A despedia"},"content":{"rendered":"\n<p>Se \u00e9 um desafio sair do nosso pa\u00eds para ir em miss\u00e3o, por vezes consegue ser ainda mais \u00e1rduo deixar as comunidades com as quais nos encarinhamos tanto.<\/p>\n\n\n\n<p>A <a><\/a>entrega de cada um foi total: cada gesto, cada sorriso, cada toque foi sentido todos os dias de uma forma que n\u00e3o existem palavras para descrever. Sabemos que tamb\u00e9m todas as pessoas com quem estivemos sentiram, sorriram, brincaram e trabalho de cora\u00e7\u00e3o aberto com um sentido de partilha extraordin\u00e1rio.<\/p>\n\n\n\n<p>A despedida \u00e9 dolorosa, as l\u00e1grimas cairam no meio de algumas gargalhadas que tentavam amenizar a partida. Olhamos cada rosto como querendo guardar na mem\u00f3ria a fotografia de cada, para assim guardar eternamente a sua imagem.<\/p>\n\n\n\n<p>N\u00e3o fazemos promessas, mas acreditamos que a esperan\u00e7a \u00e9 a \u00faltima morrer. A vontade temos de voltar, e para isso vamos trabalhar.<\/p>\n\n\n\n<p><a href=\"https:\/\/www.facebook.com\/groups\/1503887263211815\/user\/619564081\/?__cft__[0]=AZVTqCIF-v746ILOcYUoW68YxIpTuchbZUCRK9ycd4gjd6RJFzwtufH0f-t2YMPrLGv1ppMkF4GClhr6-sDXISxji7Up84bBecyCg7aRgmnNYPBeDee88RzjtpdEWVj6N_btp5pKCFD3QYCEkRjNcSIKj3TkEVL_bQveQviHKDpxZS2DbgkRSG1npmiNG82TidoUD0Vq4gML7pozhaJvPwlW&amp;__tn__=-]K-y-R\">Tucha F\u00e1tima Ribeiro<\/a><\/p>\n\n\n\n<p>Raquel Guimar\u00e3es<\/p>\n\n\n\n<p>Sara Cunha<\/p>\n\n\n\n<p><a href=\"https:\/\/www.facebook.com\/groups\/1503887263211815\/user\/100002340991291\/?__cft__[0]=AZVTqCIF-v746ILOcYUoW68YxIpTuchbZUCRK9ycd4gjd6RJFzwtufH0f-t2YMPrLGv1ppMkF4GClhr6-sDXISxji7Up84bBecyCg7aRgmnNYPBeDee88RzjtpdEWVj6N_btp5pKCFD3QYCEkRjNcSIKj3TkEVL_bQveQviHKDpxZS2DbgkRSG1npmiNG82TidoUD0Vq4gML7pozhaJvPwlW&amp;__tn__=-]K-y-R\">Ricardo Carreira<\/a><\/p>\n\n\n<div class=\"wp-block-image\">\n<figure class=\"aligncenter size-large\"><img loading=\"lazy\" decoding=\"async\" width=\"1024\" height=\"576\" src=\"http:\/\/www.amaavida.org\/wp-content\/uploads\/2023\/07\/DSCN2547-1024x576.jpg\" alt=\"\" class=\"wp-image-658\" srcset=\"http:\/\/www.amaavida.org\/wp-content\/uploads\/2023\/07\/DSCN2547-1024x576.jpg 1024w, http:\/\/www.amaavida.org\/wp-content\/uploads\/2023\/07\/DSCN2547-300x169.jpg 300w, http:\/\/www.amaavida.org\/wp-content\/uploads\/2023\/07\/DSCN2547-768x432.jpg 768w, http:\/\/www.amaavida.org\/wp-content\/uploads\/2023\/07\/DSCN2547-1536x864.jpg 1536w, http:\/\/www.amaavida.org\/wp-content\/uploads\/2023\/07\/DSCN2547-2048x1152.jpg 2048w\" sizes=\"auto, (max-width: 1024px) 100vw, 1024px\" \/><\/figure>\n<\/div>","protected":false},"excerpt":{"rendered":"<p>Se \u00e9 um desafio sair do nosso pa\u00eds para ir em miss\u00e3o, por vezes consegue ser ainda mais \u00e1rduo deixar as comunidades com as quais nos encarinhamos tanto. A entrega de cada um foi total: cada gesto, cada sorriso, cada toque foi sentido todos os dias de uma forma que n\u00e3o existem palavras para descrever. [&hellip;]<\/p>\n","protected":false},"author":1,"featured_media":658,"comment_status":"open","ping_status":"open","sticky":false,"template":"","format":"standard","meta":{"ngg_post_thumbnail":0,"footnotes":""},"categories":[1],"tags":[],"class_list":["post-657","post","type-post","status-publish","format-standard","has-post-thumbnail","hentry","category-uncategorized"],"_links":{"self":[{"href":"http:\/\/www.amaavida.org\/index.php\/wp-json\/wp\/v2\/posts\/657","targetHints":{"allow":["GET"]}}],"collection":[{"href":"http:\/\/www.amaavida.org\/index.php\/wp-json\/wp\/v2\/posts"}],"about":[{"href":"http:\/\/www.amaavida.org\/index.php\/wp-json\/wp\/v2\/types\/post"}],"author":[{"embeddable":true,"href":"http:\/\/www.amaavida.org\/index.php\/wp-json\/wp\/v2\/users\/1"}],"replies":[{"embeddable":true,"href":"http:\/\/www.amaavida.org\/index.php\/wp-json\/wp\/v2\/comments?post=657"}],"version-history":[{"count":1,"href":"http:\/\/www.amaavida.org\/index.php\/wp-json\/wp\/v2\/posts\/657\/revisions"}],"predecessor-version":[{"id":659,"href":"http:\/\/www.amaavida.org\/index.php\/wp-json\/wp\/v2\/posts\/657\/revisions\/659"}],"wp:featuredmedia":[{"embeddable":true,"href":"http:\/\/www.amaavida.org\/index.php\/wp-json\/wp\/v2\/media\/658"}],"wp:attachment":[{"href":"http:\/\/www.amaavida.org\/index.php\/wp-json\/wp\/v2\/media?parent=657"}],"wp:term":[{"taxonomy":"category","embeddable":true,"href":"http:\/\/www.amaavida.org\/index.php\/wp-json\/wp\/v2\/categories?post=657"},{"taxonomy":"post_tag","embeddable":true,"href":"http:\/\/www.amaavida.org\/index.php\/wp-json\/wp\/v2\/tags?post=657"}],"curies":[{"name":"wp","href":"https:\/\/api.w.org\/{rel}","templated":true}]}}