{"id":666,"date":"2023-07-22T16:45:26","date_gmt":"2023-07-22T16:45:26","guid":{"rendered":"http:\/\/www.amaavida.org\/?p=666"},"modified":"2023-07-31T16:49:24","modified_gmt":"2023-07-31T16:49:24","slug":"missao-humanitaria-ucrania-cidade-do-bem-ama-a-vida-chegada","status":"publish","type":"post","link":"http:\/\/www.amaavida.org\/index.php\/2023\/07\/22\/missao-humanitaria-ucrania-cidade-do-bem-ama-a-vida-chegada\/","title":{"rendered":"Miss\u00e3o Humanitaria &#8221; Ucr\u00e2nia Cidade do Bem Ama a Vida&#8221; &#8211; Chegada"},"content":{"rendered":"\n<p>Esta Miss\u00e3o Humanit\u00e1ria na Ucr\u00e2nia \u00e9 de certeza a mais dif\u00edcil, a mais imprevis\u00edvel dadas as circunstancias da guerra e \u00e9 tamb\u00e9m emocionalmente a mais dolorosa. Um m\u00eas foi o tempo de prepara\u00e7\u00e3o para avan\u00e7armos quer\u00edamos chegar \u00e1 Ucr\u00e2nia e fazer a entrega o mais urgente poss\u00edvel no orfanato &#8220;Cidade do Bem &#8220;. Ao Antonio agradecemos todo o conhecimento e agradecemos ter aceitado esta parceria pois ele ja esteve v\u00e1rias vezes na Ucr\u00e2nia trazendo ajuda humanit\u00e1ria. Atendendo a que os riscos eram muitos criamos um grupo no WhatsApp de apoio em Portugal constitu\u00eddo por 10 pessoas amigas que iam monitorizando todo o percurso e recebendo informa\u00e7\u00f5es di\u00e1rias e seriam o nosso apoio para qualquer necessidade de evacua\u00e7\u00e3o, a esses amigos desde j\u00e1 o nosso eterno agradecimento. Tamb\u00e9m em Kiev t\u00ednhamos uma pessoa (Portugu\u00eas) que todos os dias d\u00e1vamos conhecimento do desenrolar da miss\u00e3o e que foi extraordin\u00e1rio e incans\u00e1vel. A certeza t\u00ednhamos que iriamos fazer tudo por tudo para conseguir chegar ao Orfanato. Chegamos a Lviv e de imediato partimos para Chernivtsi a 300 km de Lviv. A chegada ao Orfanato foi feita com alguma emo\u00e7\u00e3o e muita alegria, uma sopa estava \u00e1 nossa espera e sorrisos maravilhosos de m\u00e3es e crian\u00e7as que mesmo n\u00e3o nos entendendo acenavam e abriam os bra\u00e7os num gesto de carinho e acolhimento. Entrar na &#8221; Cidade do Bem &#8221; \u00e9 entrar num mundo de fantasia e encanto, tudo foi feito com tanto amor que cada parede, cada cama , cada bocadinho de espa\u00e7o leva nos a imaginar que estamos num conto de fadas e como a directora Lilia nos explicou na visita guiada este centro quer acolher, cuidar, tratar e acima de tudo AMAR cada crian\u00e7a por forma a que cada um cres\u00e7a sentindo que o mundo pode ser bem melhor se cada cada ser humano der o melhor que tem dentro de si. Foi um misto de alegria e de desanimo por vermos tantas crian\u00e7as e beb\u00e9s .Crian\u00e7as que a dor e a incerteza est\u00e1 bem vis\u00edvel em cada olhar. Na Cidade do Bem sentimos AMOR em cada recanto e respiramos alegria, carinho e paz apesar de estarmos num pais em guerra. A fundadora da Cidade do Bem Marta Levchenko ja recebeu at\u00e9 ao momento cerca de 250 crian\u00e7as. Tamb\u00e9m apoia m\u00e3es com dificuldades financeiras e mulher vitimas de maus tractos, bem como todos os dias apoiam fam\u00edlias carenciadas . Entrar nos quartos dos beb\u00e9s foi para todos n\u00f3s a confirma\u00e7\u00e3o e a certeza que valeu a pena todos os riscos e dificuldades que tivemos. O que fazemos como volunt\u00e1rios \u00e9 um bocadinho no meio de tantas necessidades, mas pelo menos temos a certeza de que todos os volunt\u00e1rios da Associa\u00e7\u00e3o <a href=\"https:\/\/www.facebook.com\/associacaoamaavida?__cft__[0]=AZUeAlD5eearfEtMjJVbq-HqyZkobrzCMtWHZgHZGNFX-XgJ5MLRcsjR0Vy6_WFatvJeRrchU0s6JbGz5o7JwohnDRLt8DWCaq8KdJU7zpOqzT22MvYrmF_fgPMGmV0GLWCCQshAVEPlD6JBHBDInLwP1wgScqWYlOAAzv8cjr7zrgjEYaEiLYDA7CbzDES8-Ew&amp;__tn__=-]K-R\">AMA A VIDA<\/a> e da Partilha Magnifica , bem como todos aqueles que nos ajudaram fizemos a diferen\u00e7a na vida destas crian\u00e7as e na vida de todos aqueles que ajudamos. Depois de descarregar o furg\u00e3o a respons\u00e1vel e os funcion\u00e1rios ficaram extremamente felizes quando viram toda a ajuda que lhes t\u00ednhamos trazido, mas acima de tudo com os equipamentos m\u00e9dicos essencialmente para os beb\u00e9s que lhes estavam a fazer tanta falta Sabemos que cada ajuda \u00e9 valiosa . Sonhamos, trabalhamos e concretizamos mas para tudo ser poss\u00edvel precisamos de ajuda de cada cidad\u00e3o. O nosso futuro depende destes beb\u00e9s e crian\u00e7as por isso ajude nos a ajudar, seja voluntario ou contribua com a sua ajuda .<\/p>\n\n\n\n<p><a href=\"https:\/\/www.facebook.com\/transnos?__cft__[0]=AZUeAlD5eearfEtMjJVbq-HqyZkobrzCMtWHZgHZGNFX-XgJ5MLRcsjR0Vy6_WFatvJeRrchU0s6JbGz5o7JwohnDRLt8DWCaq8KdJU7zpOqzT22MvYrmF_fgPMGmV0GLWCCQshAVEPlD6JBHBDInLwP1wgScqWYlOAAzv8cjr7zrgjEYaEiLYDA7CbzDES8-Ew&amp;__tn__=-]K-R\">TransN\u00f3s,<\/a><\/p>\n\n\n\n<p><a href=\"https:\/\/www.facebook.com\/transnos?__cft__[0]=AZUeAlD5eearfEtMjJVbq-HqyZkobrzCMtWHZgHZGNFX-XgJ5MLRcsjR0Vy6_WFatvJeRrchU0s6JbGz5o7JwohnDRLt8DWCaq8KdJU7zpOqzT22MvYrmF_fgPMGmV0GLWCCQshAVEPlD6JBHBDInLwP1wgScqWYlOAAzv8cjr7zrgjEYaEiLYDA7CbzDES8-Ew&amp;__tn__=-]K-R\"> Transportes Lda.<\/a> <\/p>\n\n\n\n<p><a href=\"https:\/\/www.facebook.com\/asfaltofriends?__cft__[0]=AZUeAlD5eearfEtMjJVbq-HqyZkobrzCMtWHZgHZGNFX-XgJ5MLRcsjR0Vy6_WFatvJeRrchU0s6JbGz5o7JwohnDRLt8DWCaq8KdJU7zpOqzT22MvYrmF_fgPMGmV0GLWCCQshAVEPlD6JBHBDInLwP1wgScqWYlOAAzv8cjr7zrgjEYaEiLYDA7CbzDES8-Ew&amp;__tn__=-]K-R\">Asfalto Friends Fafe<\/a> <\/p>\n\n\n\n<p><a href=\"https:\/\/www.facebook.com\/GrupoMotardAmigosdeFareja?__cft__[0]=AZUeAlD5eearfEtMjJVbq-HqyZkobrzCMtWHZgHZGNFX-XgJ5MLRcsjR0Vy6_WFatvJeRrchU0s6JbGz5o7JwohnDRLt8DWCaq8KdJU7zpOqzT22MvYrmF_fgPMGmV0GLWCCQshAVEPlD6JBHBDInLwP1wgScqWYlOAAzv8cjr7zrgjEYaEiLYDA7CbzDES8-Ew&amp;__tn__=-]K-R\">Grupo Motard Amigos de Fareja-Fafe<\/a> <\/p>\n\n\n\n<p><a href=\"https:\/\/www.facebook.com\/Eleclerc-Fafe-544629998903174\/?__cft__[0]=AZUeAlD5eearfEtMjJVbq-HqyZkobrzCMtWHZgHZGNFX-XgJ5MLRcsjR0Vy6_WFatvJeRrchU0s6JbGz5o7JwohnDRLt8DWCaq8KdJU7zpOqzT22MvYrmF_fgPMGmV0GLWCCQshAVEPlD6JBHBDInLwP1wgScqWYlOAAzv8cjr7zrgjEYaEiLYDA7CbzDES8-Ew&amp;__tn__=kK-R\">E.leclerc Fafe<\/a> <\/p>\n\n\n\n<p><a href=\"https:\/\/www.facebook.com\/conquistadoresmotoclube?__cft__[0]=AZUeAlD5eearfEtMjJVbq-HqyZkobrzCMtWHZgHZGNFX-XgJ5MLRcsjR0Vy6_WFatvJeRrchU0s6JbGz5o7JwohnDRLt8DWCaq8KdJU7zpOqzT22MvYrmF_fgPMGmV0GLWCCQshAVEPlD6JBHBDInLwP1wgScqWYlOAAzv8cjr7zrgjEYaEiLYDA7CbzDES8-Ew&amp;__tn__=-]K-R\">Conquistadores Moto Clube Guimar\u00e3es<\/a> <\/p>\n\n\n\n<p><a href=\"https:\/\/www.facebook.com\/profile.php?id=100079988574722&amp;__cft__[0]=AZUeAlD5eearfEtMjJVbq-HqyZkobrzCMtWHZgHZGNFX-XgJ5MLRcsjR0Vy6_WFatvJeRrchU0s6JbGz5o7JwohnDRLt8DWCaq8KdJU7zpOqzT22MvYrmF_fgPMGmV0GLWCCQshAVEPlD6JBHBDInLwP1wgScqWYlOAAzv8cjr7zrgjEYaEiLYDA7CbzDES8-Ew&amp;__tn__=-]K-R\">Partilha Magnifica &#8211; Associa\u00e7\u00e3o De Imigrantes<\/a><\/p>\n\n\n<div class=\"wp-block-image\">\n<figure class=\"aligncenter size-large\"><img loading=\"lazy\" decoding=\"async\" width=\"1024\" height=\"577\" src=\"http:\/\/www.amaavida.org\/wp-content\/uploads\/2023\/07\/361214839_650667383763353_4628909789062936948_n-1-1024x577.jpg\" alt=\"\" class=\"wp-image-671\" srcset=\"http:\/\/www.amaavida.org\/wp-content\/uploads\/2023\/07\/361214839_650667383763353_4628909789062936948_n-1-1024x577.jpg 1024w, http:\/\/www.amaavida.org\/wp-content\/uploads\/2023\/07\/361214839_650667383763353_4628909789062936948_n-1-300x169.jpg 300w, http:\/\/www.amaavida.org\/wp-content\/uploads\/2023\/07\/361214839_650667383763353_4628909789062936948_n-1-768x432.jpg 768w, http:\/\/www.amaavida.org\/wp-content\/uploads\/2023\/07\/361214839_650667383763353_4628909789062936948_n-1-1536x865.jpg 1536w, http:\/\/www.amaavida.org\/wp-content\/uploads\/2023\/07\/361214839_650667383763353_4628909789062936948_n-1.jpg 2048w\" sizes=\"auto, (max-width: 1024px) 100vw, 1024px\" \/><\/figure>\n<\/div>\n\n<div class=\"wp-block-image\">\n<figure class=\"aligncenter size-large\"><img loading=\"lazy\" decoding=\"async\" width=\"1024\" height=\"577\" src=\"http:\/\/www.amaavida.org\/wp-content\/uploads\/2023\/07\/362634902_650667603763331_3021142519606041219_n-1-1-1024x577.jpg\" alt=\"\" class=\"wp-image-673\" srcset=\"http:\/\/www.amaavida.org\/wp-content\/uploads\/2023\/07\/362634902_650667603763331_3021142519606041219_n-1-1-1024x577.jpg 1024w, http:\/\/www.amaavida.org\/wp-content\/uploads\/2023\/07\/362634902_650667603763331_3021142519606041219_n-1-1-300x169.jpg 300w, http:\/\/www.amaavida.org\/wp-content\/uploads\/2023\/07\/362634902_650667603763331_3021142519606041219_n-1-1-768x432.jpg 768w, http:\/\/www.amaavida.org\/wp-content\/uploads\/2023\/07\/362634902_650667603763331_3021142519606041219_n-1-1-1536x865.jpg 1536w, http:\/\/www.amaavida.org\/wp-content\/uploads\/2023\/07\/362634902_650667603763331_3021142519606041219_n-1-1.jpg 2048w\" sizes=\"auto, (max-width: 1024px) 100vw, 1024px\" \/><\/figure>\n<\/div>\n\n<div class=\"wp-block-image\">\n<figure class=\"aligncenter size-large\"><img loading=\"lazy\" decoding=\"async\" width=\"1024\" height=\"577\" src=\"http:\/\/www.amaavida.org\/wp-content\/uploads\/2023\/07\/361582192_650667533763338_101759777092465583_n-1-1024x577.jpg\" alt=\"\" class=\"wp-image-669\" srcset=\"http:\/\/www.amaavida.org\/wp-content\/uploads\/2023\/07\/361582192_650667533763338_101759777092465583_n-1-1024x577.jpg 1024w, http:\/\/www.amaavida.org\/wp-content\/uploads\/2023\/07\/361582192_650667533763338_101759777092465583_n-1-300x169.jpg 300w, http:\/\/www.amaavida.org\/wp-content\/uploads\/2023\/07\/361582192_650667533763338_101759777092465583_n-1-768x432.jpg 768w, http:\/\/www.amaavida.org\/wp-content\/uploads\/2023\/07\/361582192_650667533763338_101759777092465583_n-1-1536x865.jpg 1536w, http:\/\/www.amaavida.org\/wp-content\/uploads\/2023\/07\/361582192_650667533763338_101759777092465583_n-1.jpg 2048w\" sizes=\"auto, (max-width: 1024px) 100vw, 1024px\" \/><\/figure>\n<\/div>","protected":false},"excerpt":{"rendered":"<p>Esta Miss\u00e3o Humanit\u00e1ria na Ucr\u00e2nia \u00e9 de certeza a mais dif\u00edcil, a mais imprevis\u00edvel dadas as circunstancias da guerra e \u00e9 tamb\u00e9m emocionalmente a mais dolorosa. Um m\u00eas foi o tempo de prepara\u00e7\u00e3o para avan\u00e7armos quer\u00edamos chegar \u00e1 Ucr\u00e2nia e fazer a entrega o mais urgente poss\u00edvel no orfanato &#8220;Cidade do Bem &#8220;. Ao Antonio [&hellip;]<\/p>\n","protected":false},"author":1,"featured_media":667,"comment_status":"open","ping_status":"open","sticky":false,"template":"","format":"standard","meta":{"ngg_post_thumbnail":0,"footnotes":""},"categories":[1],"tags":[],"class_list":["post-666","post","type-post","status-publish","format-standard","has-post-thumbnail","hentry","category-uncategorized"],"_links":{"self":[{"href":"http:\/\/www.amaavida.org\/index.php\/wp-json\/wp\/v2\/posts\/666","targetHints":{"allow":["GET"]}}],"collection":[{"href":"http:\/\/www.amaavida.org\/index.php\/wp-json\/wp\/v2\/posts"}],"about":[{"href":"http:\/\/www.amaavida.org\/index.php\/wp-json\/wp\/v2\/types\/post"}],"author":[{"embeddable":true,"href":"http:\/\/www.amaavida.org\/index.php\/wp-json\/wp\/v2\/users\/1"}],"replies":[{"embeddable":true,"href":"http:\/\/www.amaavida.org\/index.php\/wp-json\/wp\/v2\/comments?post=666"}],"version-history":[{"count":1,"href":"http:\/\/www.amaavida.org\/index.php\/wp-json\/wp\/v2\/posts\/666\/revisions"}],"predecessor-version":[{"id":674,"href":"http:\/\/www.amaavida.org\/index.php\/wp-json\/wp\/v2\/posts\/666\/revisions\/674"}],"wp:featuredmedia":[{"embeddable":true,"href":"http:\/\/www.amaavida.org\/index.php\/wp-json\/wp\/v2\/media\/667"}],"wp:attachment":[{"href":"http:\/\/www.amaavida.org\/index.php\/wp-json\/wp\/v2\/media?parent=666"}],"wp:term":[{"taxonomy":"category","embeddable":true,"href":"http:\/\/www.amaavida.org\/index.php\/wp-json\/wp\/v2\/categories?post=666"},{"taxonomy":"post_tag","embeddable":true,"href":"http:\/\/www.amaavida.org\/index.php\/wp-json\/wp\/v2\/tags?post=666"}],"curies":[{"name":"wp","href":"https:\/\/api.w.org\/{rel}","templated":true}]}}