{"id":675,"date":"2022-05-19T16:46:00","date_gmt":"2022-05-19T16:46:00","guid":{"rendered":"http:\/\/www.amaavida.org\/?p=675"},"modified":"2023-07-31T16:48:20","modified_gmt":"2023-07-31T16:48:20","slug":"ama-a-vida-na-polonia","status":"publish","type":"post","link":"http:\/\/www.amaavida.org\/index.php\/2022\/05\/19\/ama-a-vida-na-polonia\/","title":{"rendered":"AMA A VIDA na P\u00f3lonia"},"content":{"rendered":"\n<p>A nossa volunt\u00e1ria Joana Ribeiro , est\u00e1 neste momento a dar apoio num campo de refugiados na Pol\u00f3nia.<\/p>\n\n\n\n<p>A todos os refugiados da Ucr\u00e2nia \u00e9 lhes dado alimenta\u00e7\u00e3o, cuidados m\u00e9dicos e apoio para ficarem na Pol\u00f3nia ou se deslocarem para outros pa\u00edses.<\/p>\n\n\n\n<p>A Joana d\u00e1 o seu tempo, a sua ajuda e o seu trabalho pois o Amor e a Alegria de dar uma m\u00e3o a quem mais precisa \u00e9 o que a move.<\/p>\n\n\n\n<p>Todos junto somos mais fortes e faremos mais e melhor.<\/p>\n\n\n\n<p><a><\/a>\ud835\udc12\ud835\udc1e\ud835\udc2b \ud835\udc2f\ud835\udc28\ud835\udc25\ud835\udc2e\ud835\udc27\ud835\udc2d\u00e1\ud835\udc2b\ud835\udc22\ud835\udc28 \u00e9 \ud835\udc1d\ud835\udc1a\ud835\udc2b \ud835\udc1d\ud835\udc1e \ud835\udc2c\ud835\udc22.<\/p>\n\n\n<div class=\"wp-block-image\">\n<figure class=\"aligncenter size-large\"><img loading=\"lazy\" decoding=\"async\" width=\"1024\" height=\"576\" src=\"http:\/\/www.amaavida.org\/wp-content\/uploads\/2023\/07\/280887484_4965993223526858_6965993800790664813_n-1024x576.jpg\" alt=\"\" class=\"wp-image-676\" srcset=\"http:\/\/www.amaavida.org\/wp-content\/uploads\/2023\/07\/280887484_4965993223526858_6965993800790664813_n-1024x576.jpg 1024w, http:\/\/www.amaavida.org\/wp-content\/uploads\/2023\/07\/280887484_4965993223526858_6965993800790664813_n-300x169.jpg 300w, http:\/\/www.amaavida.org\/wp-content\/uploads\/2023\/07\/280887484_4965993223526858_6965993800790664813_n-768x432.jpg 768w, http:\/\/www.amaavida.org\/wp-content\/uploads\/2023\/07\/280887484_4965993223526858_6965993800790664813_n-1536x864.jpg 1536w, http:\/\/www.amaavida.org\/wp-content\/uploads\/2023\/07\/280887484_4965993223526858_6965993800790664813_n.jpg 2048w\" sizes=\"auto, (max-width: 1024px) 100vw, 1024px\" \/><\/figure>\n<\/div>","protected":false},"excerpt":{"rendered":"<p>A nossa volunt\u00e1ria Joana Ribeiro , est\u00e1 neste momento a dar apoio num campo de refugiados na Pol\u00f3nia. A todos os refugiados da Ucr\u00e2nia \u00e9 lhes dado alimenta\u00e7\u00e3o, cuidados m\u00e9dicos e apoio para ficarem na Pol\u00f3nia ou se deslocarem para outros pa\u00edses. A Joana d\u00e1 o seu tempo, a sua ajuda e o seu trabalho [&hellip;]<\/p>\n","protected":false},"author":1,"featured_media":677,"comment_status":"open","ping_status":"open","sticky":false,"template":"","format":"standard","meta":{"ngg_post_thumbnail":0,"footnotes":""},"categories":[1],"tags":[],"class_list":["post-675","post","type-post","status-publish","format-standard","has-post-thumbnail","hentry","category-uncategorized"],"_links":{"self":[{"href":"http:\/\/www.amaavida.org\/index.php\/wp-json\/wp\/v2\/posts\/675","targetHints":{"allow":["GET"]}}],"collection":[{"href":"http:\/\/www.amaavida.org\/index.php\/wp-json\/wp\/v2\/posts"}],"about":[{"href":"http:\/\/www.amaavida.org\/index.php\/wp-json\/wp\/v2\/types\/post"}],"author":[{"embeddable":true,"href":"http:\/\/www.amaavida.org\/index.php\/wp-json\/wp\/v2\/users\/1"}],"replies":[{"embeddable":true,"href":"http:\/\/www.amaavida.org\/index.php\/wp-json\/wp\/v2\/comments?post=675"}],"version-history":[{"count":1,"href":"http:\/\/www.amaavida.org\/index.php\/wp-json\/wp\/v2\/posts\/675\/revisions"}],"predecessor-version":[{"id":678,"href":"http:\/\/www.amaavida.org\/index.php\/wp-json\/wp\/v2\/posts\/675\/revisions\/678"}],"wp:featuredmedia":[{"embeddable":true,"href":"http:\/\/www.amaavida.org\/index.php\/wp-json\/wp\/v2\/media\/677"}],"wp:attachment":[{"href":"http:\/\/www.amaavida.org\/index.php\/wp-json\/wp\/v2\/media?parent=675"}],"wp:term":[{"taxonomy":"category","embeddable":true,"href":"http:\/\/www.amaavida.org\/index.php\/wp-json\/wp\/v2\/categories?post=675"},{"taxonomy":"post_tag","embeddable":true,"href":"http:\/\/www.amaavida.org\/index.php\/wp-json\/wp\/v2\/tags?post=675"}],"curies":[{"name":"wp","href":"https:\/\/api.w.org\/{rel}","templated":true}]}}