{"id":679,"date":"2022-04-14T16:55:00","date_gmt":"2022-04-14T16:55:00","guid":{"rendered":"http:\/\/www.amaavida.org\/?p=679"},"modified":"2023-07-31T16:56:59","modified_gmt":"2023-07-31T16:56:59","slug":"recolha-refugiados-eslovaquia","status":"publish","type":"post","link":"http:\/\/www.amaavida.org\/index.php\/2022\/04\/14\/recolha-refugiados-eslovaquia\/","title":{"rendered":"Recolha Refugiados &#8211; Eslov\u00e1quia"},"content":{"rendered":"\n<p>E ontem o <a href=\"https:\/\/www.facebook.com\/ricardo.silva.52090008?__cft__[0]=AZVb8bTj3yJ-Cmfb-sK55W2kBvBOH1_P01Gswl7UwlG_UyYMP1Mh44LLCxxQv4cV6ImUtw-W1gcECHx3vRPaVc2LhLvPFahJpYjCPDY3StFbrVhxfJp-NHvJeHWbpXsXvBm4P9HuEP5T4Itt66S-MaIkDEhzsCvZzTl_iRy03I6EJZa2KFFx5XVleYRgHHfb7kQ&amp;__tn__=-]K-R\">Ricardo Silva<\/a> e o Alex sa\u00edram em direc\u00e7\u00e3o \u00e0 Eslov\u00e1quia para recolher os refugiados referenciados e aproveitaram para levar mais uma dose de bens para ajudar a Ucr\u00e2nia.<\/p>\n","protected":false},"excerpt":{"rendered":"<p>E ontem o Ricardo Silva e o Alex sa\u00edram em direc\u00e7\u00e3o \u00e0 Eslov\u00e1quia para recolher os refugiados referenciados e aproveitaram para levar mais uma dose de bens para ajudar a Ucr\u00e2nia.<\/p>\n","protected":false},"author":1,"featured_media":680,"comment_status":"open","ping_status":"open","sticky":false,"template":"","format":"standard","meta":{"ngg_post_thumbnail":0,"footnotes":""},"categories":[1],"tags":[],"class_list":["post-679","post","type-post","status-publish","format-standard","has-post-thumbnail","hentry","category-uncategorized"],"_links":{"self":[{"href":"http:\/\/www.amaavida.org\/index.php\/wp-json\/wp\/v2\/posts\/679","targetHints":{"allow":["GET"]}}],"collection":[{"href":"http:\/\/www.amaavida.org\/index.php\/wp-json\/wp\/v2\/posts"}],"about":[{"href":"http:\/\/www.amaavida.org\/index.php\/wp-json\/wp\/v2\/types\/post"}],"author":[{"embeddable":true,"href":"http:\/\/www.amaavida.org\/index.php\/wp-json\/wp\/v2\/users\/1"}],"replies":[{"embeddable":true,"href":"http:\/\/www.amaavida.org\/index.php\/wp-json\/wp\/v2\/comments?post=679"}],"version-history":[{"count":1,"href":"http:\/\/www.amaavida.org\/index.php\/wp-json\/wp\/v2\/posts\/679\/revisions"}],"predecessor-version":[{"id":681,"href":"http:\/\/www.amaavida.org\/index.php\/wp-json\/wp\/v2\/posts\/679\/revisions\/681"}],"wp:featuredmedia":[{"embeddable":true,"href":"http:\/\/www.amaavida.org\/index.php\/wp-json\/wp\/v2\/media\/680"}],"wp:attachment":[{"href":"http:\/\/www.amaavida.org\/index.php\/wp-json\/wp\/v2\/media?parent=679"}],"wp:term":[{"taxonomy":"category","embeddable":true,"href":"http:\/\/www.amaavida.org\/index.php\/wp-json\/wp\/v2\/categories?post=679"},{"taxonomy":"post_tag","embeddable":true,"href":"http:\/\/www.amaavida.org\/index.php\/wp-json\/wp\/v2\/tags?post=679"}],"curies":[{"name":"wp","href":"https:\/\/api.w.org\/{rel}","templated":true}]}}