{"id":682,"date":"2022-03-21T16:58:00","date_gmt":"2022-03-21T16:58:00","guid":{"rendered":"http:\/\/www.amaavida.org\/?p=682"},"modified":"2023-07-31T17:00:22","modified_gmt":"2023-07-31T17:00:22","slug":"ucrania-ama-a-vida-caravana-humanitaria","status":"publish","type":"post","link":"http:\/\/www.amaavida.org\/index.php\/2022\/03\/21\/ucrania-ama-a-vida-caravana-humanitaria\/","title":{"rendered":"UCR\u00c2NIA &#8211; AMA A VIDA &#8211; CARAVANA HUMANIT\u00c1RIA"},"content":{"rendered":"\n<p>1.\u00aa Caravana Humanit\u00e1ria 17 carrinhas Portuguesas e 2 Carrinhas da nossa Associa\u00e7\u00e3o, com o Apoio do nosso Benem\u00e9rito que sem a sua ajuda seria imposs\u00edvel enviar duas carrinhas nesta caravana. Aos nossos Volunt\u00e1rios que foram os motoristas de servi\u00e7o Joana( Porto), Rog\u00e9rio( Fafe), Ricardo(Fafe) e Alex ( da Ucr\u00e2nia a viver em Fafe faz alguns anos)s\u00e3o os nosso her\u00f3is 7000 Km , muitos imprevistos na viagem e cansa\u00e7o .<\/p>\n\n\n\n<p>As fam\u00edlias est\u00e3o agora entregues e a Salvo, desta Guerra <a><\/a>feita por alguns &#8220;homens&#8221; e que a Humanidade recrimina. Bem Hajam<\/p>\n","protected":false},"excerpt":{"rendered":"<p>1.\u00aa Caravana Humanit\u00e1ria 17 carrinhas Portuguesas e 2 Carrinhas da nossa Associa\u00e7\u00e3o, com o Apoio do nosso Benem\u00e9rito que sem a sua ajuda seria imposs\u00edvel enviar duas carrinhas nesta caravana. Aos nossos Volunt\u00e1rios que foram os motoristas de servi\u00e7o Joana( Porto), Rog\u00e9rio( Fafe), Ricardo(Fafe) e Alex ( da Ucr\u00e2nia a viver em Fafe faz alguns [&hellip;]<\/p>\n","protected":false},"author":1,"featured_media":683,"comment_status":"open","ping_status":"open","sticky":false,"template":"","format":"standard","meta":{"ngg_post_thumbnail":0,"footnotes":""},"categories":[1],"tags":[],"class_list":["post-682","post","type-post","status-publish","format-standard","has-post-thumbnail","hentry","category-uncategorized"],"_links":{"self":[{"href":"http:\/\/www.amaavida.org\/index.php\/wp-json\/wp\/v2\/posts\/682","targetHints":{"allow":["GET"]}}],"collection":[{"href":"http:\/\/www.amaavida.org\/index.php\/wp-json\/wp\/v2\/posts"}],"about":[{"href":"http:\/\/www.amaavida.org\/index.php\/wp-json\/wp\/v2\/types\/post"}],"author":[{"embeddable":true,"href":"http:\/\/www.amaavida.org\/index.php\/wp-json\/wp\/v2\/users\/1"}],"replies":[{"embeddable":true,"href":"http:\/\/www.amaavida.org\/index.php\/wp-json\/wp\/v2\/comments?post=682"}],"version-history":[{"count":1,"href":"http:\/\/www.amaavida.org\/index.php\/wp-json\/wp\/v2\/posts\/682\/revisions"}],"predecessor-version":[{"id":684,"href":"http:\/\/www.amaavida.org\/index.php\/wp-json\/wp\/v2\/posts\/682\/revisions\/684"}],"wp:featuredmedia":[{"embeddable":true,"href":"http:\/\/www.amaavida.org\/index.php\/wp-json\/wp\/v2\/media\/683"}],"wp:attachment":[{"href":"http:\/\/www.amaavida.org\/index.php\/wp-json\/wp\/v2\/media?parent=682"}],"wp:term":[{"taxonomy":"category","embeddable":true,"href":"http:\/\/www.amaavida.org\/index.php\/wp-json\/wp\/v2\/categories?post=682"},{"taxonomy":"post_tag","embeddable":true,"href":"http:\/\/www.amaavida.org\/index.php\/wp-json\/wp\/v2\/tags?post=682"}],"curies":[{"name":"wp","href":"https:\/\/api.w.org\/{rel}","templated":true}]}}